{"id":1186,"date":"2016-09-10T07:49:26","date_gmt":"2016-09-10T10:49:26","guid":{"rendered":"https:\/\/www.laylita.com\/receitas\/?p=1186"},"modified":"2023-04-10T06:10:16","modified_gmt":"2023-04-10T09:10:16","slug":"bananas-da-terra-assadas-com-queijo","status":"publish","type":"post","link":"https:\/\/www.laylita.com\/receitas\/bananas-da-terra-assadas-com-queijo\/","title":{"rendered":"Bananas-da-terra assadas com queijo"},"content":{"rendered":"<p><img loading=\"lazy\" decoding=\"async\" class=\"alignnone wp-image-1189\" title=\"Bananas-da-terra assadas com queijo\" src=\"https:\/\/www.laylita.com\/receitas\/wp-content\/uploads\/2016\/09\/Bananas-da-terra-assadas-com-queijo.jpg\" alt=\"Bananas-da-terra assadas com queijo\" width=\"641\" height=\"428\" srcset=\"https:\/\/www.laylita.com\/receitas\/wp-content\/uploads\/2016\/09\/Bananas-da-terra-assadas-com-queijo.jpg 800w, https:\/\/www.laylita.com\/receitas\/wp-content\/uploads\/2016\/09\/Bananas-da-terra-assadas-com-queijo-640x427.jpg 640w, https:\/\/www.laylita.com\/receitas\/wp-content\/uploads\/2016\/09\/Bananas-da-terra-assadas-com-queijo-768x513.jpg 768w, https:\/\/www.laylita.com\/receitas\/wp-content\/uploads\/2016\/09\/Bananas-da-terra-assadas-com-queijo-600x400.jpg 600w, https:\/\/www.laylita.com\/receitas\/wp-content\/uploads\/2016\/09\/Bananas-da-terra-assadas-com-queijo-180x120.jpg 180w\" sizes=\"auto, (max-width: 641px) 100vw, 641px\" \/><\/p>\n<p>Quem pode resistir a essas deliciosas bananas-da-terra assadas, recheadas com queijo? N\u00e3o sei se voc\u00ea notou, mas na culin\u00e1ria equatoriana \u2013 e na comida latina em geral \u2013 h\u00e1 muita fritura. Existem tamb\u00e9m v\u00e1rias op\u00e7\u00f5es saud\u00e1veis, mas, sim, muitos alimentos s\u00e3o fritos, o que n\u00e3o \u00e9 t\u00e3o pesado e pode ser muito gostoso, desde que haja um equil\u00edbrio. Minha m\u00e3e sempre se preocupava com nossa sa\u00fade enquanto est\u00e1vamos crescendo, e focava muito em alimentos saud\u00e1veis, ent\u00e3o tentou v\u00e1rias maneiras diferentes de preparar alimentos geralmente fritos, como ass\u00e1-los e\/ou usar menos gordura.<\/p>\n<p><!--more--><\/p>\n<p><a href=\"https:\/\/www.laylita.com\/recipes\/2008\/12\/03\/platanos-asados-con-queso-or-baked-ripe-plantains-with-cheese\/\" target=\"_blank\" rel=\"noopener noreferrer\">English version\u00a0<\/a><\/p>\n<div id=\"recipe\"><\/div><div id=\"wprm-recipe-container-2149\" class=\"wprm-recipe-container\" data-recipe-id=\"2149\" data-servings=\"6\"><div class=\"wprm-recipe wprm-recipe-template-cutout-v2\"><div class=\"wprm-recipe-image wprm-block-image-rounded\"><img loading=\"lazy\" decoding=\"async\" style=\"border-width: 10px;border-style: solid;border-color: #ffffff;border-radius: 30px;\" width=\"200\" height=\"134\" src=\"https:\/\/www.laylita.com\/receitas\/wp-content\/uploads\/2016\/09\/Bananas-da-terra-assadas-com-queijo.jpg\" class=\"attachment-200x200 size-200x200\" alt=\"Bananas-da-terra assadas com queijo\" srcset=\"https:\/\/www.laylita.com\/receitas\/wp-content\/uploads\/2016\/09\/Bananas-da-terra-assadas-com-queijo.jpg 800w, https:\/\/www.laylita.com\/receitas\/wp-content\/uploads\/2016\/09\/Bananas-da-terra-assadas-com-queijo-640x427.jpg 640w, https:\/\/www.laylita.com\/receitas\/wp-content\/uploads\/2016\/09\/Bananas-da-terra-assadas-com-queijo-768x513.jpg 768w, https:\/\/www.laylita.com\/receitas\/wp-content\/uploads\/2016\/09\/Bananas-da-terra-assadas-com-queijo-600x400.jpg 600w, https:\/\/www.laylita.com\/receitas\/wp-content\/uploads\/2016\/09\/Bananas-da-terra-assadas-com-queijo-180x120.jpg 180w\" sizes=\"auto, (max-width: 200px) 100vw, 200px\" \/><\/div>\n<div class=\"wprm-recipe-template-cutout-v2-container\">\n\t<div class=\"wprm-recipe-template-cutout-v2-header\">\n\t\t<h2 class=\"wprm-recipe-name wprm-block-text-bold\">Bananas-da-terra assadas com queijo<\/h2>\n\t\t<div class=\"wprm-spacer\" style=\"height: 5px;\"><\/div>\n\t\t<div class=\"wprm-recipe-summary wprm-block-text-normal\">Receita f\u00e1cil de bananas-da-terra maduras assadas e recheadas com queijo.<\/div>\n\t\t<div class=\"wprm-spacer\" style=\"height: 15px;\"><\/div>\n\t\t<style>#wprm-recipe-user-rating-0 .wprm-rating-star.wprm-rating-star-full svg * { fill: #f8e71c; }#wprm-recipe-user-rating-0 .wprm-rating-star.wprm-rating-star-33 svg * { fill: url(#wprm-recipe-user-rating-0-33); }#wprm-recipe-user-rating-0 .wprm-rating-star.wprm-rating-star-50 svg * { fill: url(#wprm-recipe-user-rating-0-50); }#wprm-recipe-user-rating-0 .wprm-rating-star.wprm-rating-star-66 svg * { fill: url(#wprm-recipe-user-rating-0-66); }linearGradient#wprm-recipe-user-rating-0-33 stop { stop-color: #f8e71c; }linearGradient#wprm-recipe-user-rating-0-50 stop { stop-color: #f8e71c; }linearGradient#wprm-recipe-user-rating-0-66 stop { stop-color: #f8e71c; }<\/style><svg xmlns=\"http:\/\/www.w3.org\/2000\/svg\" width=\"0\" height=\"0\" style=\"display:block;width:0px;height:0px\"><defs><linearGradient id=\"wprm-recipe-user-rating-0-33\"><stop offset=\"0%\" stop-opacity=\"1\" \/><stop offset=\"33%\" stop-opacity=\"1\" \/><stop offset=\"33%\" stop-opacity=\"0\" \/><stop offset=\"100%\" stop-opacity=\"0\" \/><\/linearGradient><\/defs><defs><linearGradient id=\"wprm-recipe-user-rating-0-50\"><stop offset=\"0%\" stop-opacity=\"1\" \/><stop offset=\"50%\" stop-opacity=\"1\" \/><stop offset=\"50%\" stop-opacity=\"0\" \/><stop offset=\"100%\" stop-opacity=\"0\" \/><\/linearGradient><\/defs><defs><linearGradient id=\"wprm-recipe-user-rating-0-66\"><stop offset=\"0%\" stop-opacity=\"1\" \/><stop offset=\"66%\" stop-opacity=\"1\" \/><stop offset=\"66%\" stop-opacity=\"0\" \/><stop offset=\"100%\" stop-opacity=\"0\" \/><\/linearGradient><\/defs><\/svg><div id=\"wprm-recipe-user-rating-0\" class=\"wprm-recipe-rating wprm-recipe-rating-recipe-2149 wprm-user-rating wprm-recipe-rating-separate wprm-user-rating-not-voted wprm-user-rating-allowed\" data-recipe=\"2149\" data-average=\"4.83\" data-count=\"518\" data-total=\"2501\" data-user=\"0\" data-decimals=\"2\"data-modal-uid=\"user-rating\"><span class=\"wprm-rating-star wprm-rating-star-1 wprm-rating-star-full\" data-rating=\"1\" data-color=\"#f8e71c\" role=\"button\" tabindex=\"0\" aria-label=\"Rate this recipe 1 out of 5 stars\" onmouseenter=\"window.WPRecipeMaker.userRating.enter(this)\" onfocus=\"window.WPRecipeMaker.userRating.enter(this)\" onmouseleave=\"window.WPRecipeMaker.userRating.leave(this)\" onblur=\"window.WPRecipeMaker.userRating.leave(this)\" onclick=\"window.WPRecipeMaker.userRating.click(this, event)\" onkeypress=\"window.WPRecipeMaker.userRating.click(this, event)\" style=\"font-size: 1em;\"><svg width=\"16px\" height=\"16px\" version=\"1.1\" viewBox=\"0 0 24 24\" xmlns=\"http:\/\/www.w3.org\/2000\/svg\"><path fill=\"none\" stroke=\"#f8e71c\" stroke-width=\"2\" stroke-linejoin=\"round\" d=\"M11.99,1.94c-.35,0-.67.19-.83.51l-2.56,5.2c-.11.24-.34.4-.61.43l-5.75.83c-.35.05-.64.3-.74.64-.11.34,0,.7.22.94l4.16,4.05c.19.19.27.45.22.7l-.98,5.72c-.06.35.1.7.37.9.29.21.66.24.98.08l5.14-2.71h0c.24-.13.51-.13.75,0l5.14,2.71c.32.16.69.13.98-.08.29-.21.43-.56.37-.9l-.98-5.72h0c-.05-.26.05-.53.22-.7l4.16-4.05h0c.26-.24.34-.61.22-.94s-.4-.58-.74-.64l-5.75-.83c-.26-.03-.48-.21-.61-.43l-2.56-5.2c-.16-.32-.48-.53-.83-.51,0,0-.02,0-.02,0Z\"\/><\/svg><\/span><span class=\"wprm-rating-star wprm-rating-star-2 wprm-rating-star-full\" data-rating=\"2\" data-color=\"#f8e71c\" role=\"button\" tabindex=\"0\" aria-label=\"Rate this recipe 2 out of 5 stars\" onmouseenter=\"window.WPRecipeMaker.userRating.enter(this)\" onfocus=\"window.WPRecipeMaker.userRating.enter(this)\" onmouseleave=\"window.WPRecipeMaker.userRating.leave(this)\" onblur=\"window.WPRecipeMaker.userRating.leave(this)\" onclick=\"window.WPRecipeMaker.userRating.click(this, event)\" onkeypress=\"window.WPRecipeMaker.userRating.click(this, event)\" style=\"font-size: 1em;\"><svg width=\"16px\" height=\"16px\" version=\"1.1\" viewBox=\"0 0 24 24\" xmlns=\"http:\/\/www.w3.org\/2000\/svg\"><path fill=\"none\" stroke=\"#f8e71c\" stroke-width=\"2\" stroke-linejoin=\"round\" d=\"M11.99,1.94c-.35,0-.67.19-.83.51l-2.56,5.2c-.11.24-.34.4-.61.43l-5.75.83c-.35.05-.64.3-.74.64-.11.34,0,.7.22.94l4.16,4.05c.19.19.27.45.22.7l-.98,5.72c-.06.35.1.7.37.9.29.21.66.24.98.08l5.14-2.71h0c.24-.13.51-.13.75,0l5.14,2.71c.32.16.69.13.98-.08.29-.21.43-.56.37-.9l-.98-5.72h0c-.05-.26.05-.53.22-.7l4.16-4.05h0c.26-.24.34-.61.22-.94s-.4-.58-.74-.64l-5.75-.83c-.26-.03-.48-.21-.61-.43l-2.56-5.2c-.16-.32-.48-.53-.83-.51,0,0-.02,0-.02,0Z\"\/><\/svg><\/span><span class=\"wprm-rating-star wprm-rating-star-3 wprm-rating-star-full\" data-rating=\"3\" data-color=\"#f8e71c\" role=\"button\" tabindex=\"0\" aria-label=\"Rate this recipe 3 out of 5 stars\" onmouseenter=\"window.WPRecipeMaker.userRating.enter(this)\" onfocus=\"window.WPRecipeMaker.userRating.enter(this)\" onmouseleave=\"window.WPRecipeMaker.userRating.leave(this)\" onblur=\"window.WPRecipeMaker.userRating.leave(this)\" onclick=\"window.WPRecipeMaker.userRating.click(this, event)\" onkeypress=\"window.WPRecipeMaker.userRating.click(this, event)\" style=\"font-size: 1em;\"><svg width=\"16px\" height=\"16px\" version=\"1.1\" viewBox=\"0 0 24 24\" xmlns=\"http:\/\/www.w3.org\/2000\/svg\"><path fill=\"none\" stroke=\"#f8e71c\" stroke-width=\"2\" stroke-linejoin=\"round\" d=\"M11.99,1.94c-.35,0-.67.19-.83.51l-2.56,5.2c-.11.24-.34.4-.61.43l-5.75.83c-.35.05-.64.3-.74.64-.11.34,0,.7.22.94l4.16,4.05c.19.19.27.45.22.7l-.98,5.72c-.06.35.1.7.37.9.29.21.66.24.98.08l5.14-2.71h0c.24-.13.51-.13.75,0l5.14,2.71c.32.16.69.13.98-.08.29-.21.43-.56.37-.9l-.98-5.72h0c-.05-.26.05-.53.22-.7l4.16-4.05h0c.26-.24.34-.61.22-.94s-.4-.58-.74-.64l-5.75-.83c-.26-.03-.48-.21-.61-.43l-2.56-5.2c-.16-.32-.48-.53-.83-.51,0,0-.02,0-.02,0Z\"\/><\/svg><\/span><span class=\"wprm-rating-star wprm-rating-star-4 wprm-rating-star-full\" data-rating=\"4\" data-color=\"#f8e71c\" role=\"button\" tabindex=\"0\" aria-label=\"Rate this recipe 4 out of 5 stars\" onmouseenter=\"window.WPRecipeMaker.userRating.enter(this)\" onfocus=\"window.WPRecipeMaker.userRating.enter(this)\" onmouseleave=\"window.WPRecipeMaker.userRating.leave(this)\" onblur=\"window.WPRecipeMaker.userRating.leave(this)\" onclick=\"window.WPRecipeMaker.userRating.click(this, event)\" onkeypress=\"window.WPRecipeMaker.userRating.click(this, event)\" style=\"font-size: 1em;\"><svg width=\"16px\" height=\"16px\" version=\"1.1\" viewBox=\"0 0 24 24\" xmlns=\"http:\/\/www.w3.org\/2000\/svg\"><path fill=\"none\" stroke=\"#f8e71c\" stroke-width=\"2\" stroke-linejoin=\"round\" d=\"M11.99,1.94c-.35,0-.67.19-.83.51l-2.56,5.2c-.11.24-.34.4-.61.43l-5.75.83c-.35.05-.64.3-.74.64-.11.34,0,.7.22.94l4.16,4.05c.19.19.27.45.22.7l-.98,5.72c-.06.35.1.7.37.9.29.21.66.24.98.08l5.14-2.71h0c.24-.13.51-.13.75,0l5.14,2.71c.32.16.69.13.98-.08.29-.21.43-.56.37-.9l-.98-5.72h0c-.05-.26.05-.53.22-.7l4.16-4.05h0c.26-.24.34-.61.22-.94s-.4-.58-.74-.64l-5.75-.83c-.26-.03-.48-.21-.61-.43l-2.56-5.2c-.16-.32-.48-.53-.83-.51,0,0-.02,0-.02,0Z\"\/><\/svg><\/span><span class=\"wprm-rating-star wprm-rating-star-5 wprm-rating-star-full\" data-rating=\"5\" data-color=\"#f8e71c\" role=\"button\" tabindex=\"0\" aria-label=\"Rate this recipe 5 out of 5 stars\" onmouseenter=\"window.WPRecipeMaker.userRating.enter(this)\" onfocus=\"window.WPRecipeMaker.userRating.enter(this)\" onmouseleave=\"window.WPRecipeMaker.userRating.leave(this)\" onblur=\"window.WPRecipeMaker.userRating.leave(this)\" onclick=\"window.WPRecipeMaker.userRating.click(this, event)\" onkeypress=\"window.WPRecipeMaker.userRating.click(this, event)\" style=\"font-size: 1em;\"><svg width=\"16px\" height=\"16px\" version=\"1.1\" viewBox=\"0 0 24 24\" xmlns=\"http:\/\/www.w3.org\/2000\/svg\"><path fill=\"none\" stroke=\"#f8e71c\" stroke-width=\"2\" stroke-linejoin=\"round\" d=\"M11.99,1.94c-.35,0-.67.19-.83.51l-2.56,5.2c-.11.24-.34.4-.61.43l-5.75.83c-.35.05-.64.3-.74.64-.11.34,0,.7.22.94l4.16,4.05c.19.19.27.45.22.7l-.98,5.72c-.06.35.1.7.37.9.29.21.66.24.98.08l5.14-2.71h0c.24-.13.51-.13.75,0l5.14,2.71c.32.16.69.13.98-.08.29-.21.43-.56.37-.9l-.98-5.72h0c-.05-.26.05-.53.22-.7l4.16-4.05h0c.26-.24.34-.61.22-.94s-.4-.58-.74-.64l-5.75-.83c-.26-.03-.48-.21-.61-.43l-2.56-5.2c-.16-.32-.48-.53-.83-.51,0,0-.02,0-.02,0Z\"\/><\/svg><\/span><div class=\"wprm-recipe-rating-details wprm-block-text-normal\"><span class=\"wprm-recipe-rating-average\">4.83<\/span> from <span class=\"wprm-recipe-rating-count\">518<\/span> votes<\/div><\/div>\n\t\t<div class=\"wprm-spacer\" style=\"height: 15px;\"><\/div>\n\t\t<a href=\"https:\/\/www.laylita.com\/receitas\/wprm_print\/bananas-da-terra-assadas-com-queijo\" style=\"color: #2c3e50;background-color: #ffffff;border-color: #ffffff;border-radius: 0px;padding: 5px 12px;\" class=\"wprm-recipe-print wprm-recipe-link wprm-print-recipe-shortcode wprm-block-text-normal wprm-recipe-print-inline-button wprm-recipe-link-inline-button wprm-color-accent\" data-recipe-id=\"2149\" data-template=\"\" target=\"_blank\" rel=\"nofollow\"><span class=\"wprm-recipe-icon wprm-recipe-print-icon\"><svg xmlns=\"http:\/\/www.w3.org\/2000\/svg\" xmlns:xlink=\"http:\/\/www.w3.org\/1999\/xlink\" x=\"0px\" y=\"0px\" width=\"16px\" height=\"16px\" viewBox=\"0 0 24 24\"><g ><path fill=\"#333333\" d=\"M19,5.09V1c0-0.552-0.448-1-1-1H6C5.448,0,5,0.448,5,1v4.09C2.167,5.569,0,8.033,0,11v7c0,0.552,0.448,1,1,1h4v4c0,0.552,0.448,1,1,1h12c0.552,0,1-0.448,1-1v-4h4c0.552,0,1-0.448,1-1v-7C24,8.033,21.833,5.569,19,5.09z M7,2h10v3H7V2z M17,22H7v-9h10V22z M18,10c-0.552,0-1-0.448-1-1c0-0.552,0.448-1,1-1s1,0.448,1,1C19,9.552,18.552,10,18,10z\"\/><\/g><\/svg><\/span> Imprimir<\/a>\n\t\t<a href=\"https:\/\/www.pinterest.com\/pin\/create\/bookmarklet\/?url=https%3A%2F%2Fwww.laylita.com%2Freceitas%2Fbananas-da-terra-assadas-com-queijo%2F&amp;media=https%3A%2F%2Fwww.laylita.com%2Freceitas%2Fwp-content%2Fuploads%2F2016%2F09%2FBananas-da-terra-assadas-com-queijo.jpg&amp;description=Bananas-da-terra+assadas+com+queijo&amp;is_video=false\" target=\"_blank\" rel=\"nofollow noopener\" data-recipe=\"2149\" data-url=\"https:\/\/www.laylita.com\/receitas\/bananas-da-terra-assadas-com-queijo\/\" data-media=\"https:\/\/www.laylita.com\/receitas\/wp-content\/uploads\/2016\/09\/Bananas-da-terra-assadas-com-queijo.jpg\" data-description=\"Bananas-da-terra assadas com queijo\" data-repin=\"\" role=\"button\" style=\"color: #2c3e50;background-color: #ffffff;border-color: #ffffff;border-radius: 0px;padding: 5px 12px;\" class=\"wprm-recipe-pin wprm-recipe-link wprm-block-text-normal wprm-recipe-pin-inline-button wprm-recipe-link-inline-button wprm-color-accent\"><span class=\"wprm-recipe-icon wprm-recipe-pin-icon\"><svg xmlns=\"http:\/\/www.w3.org\/2000\/svg\" width=\"16\" height=\"16\" viewBox=\"0 0 24 24\"><g class=\"nc-icon-wrapper\" fill=\"#333333\"><path fill=\"#333333\" d=\"M12,0C5.4,0,0,5.4,0,12c0,5.1,3.2,9.4,7.6,11.2c-0.1-0.9-0.2-2.4,0-3.4c0.2-0.9,1.4-6,1.4-6S8.7,13,8.7,12 c0-1.7,1-2.9,2.2-2.9c1,0,1.5,0.8,1.5,1.7c0,1-0.7,2.6-1,4c-0.3,1.2,0.6,2.2,1.8,2.2c2.1,0,3.8-2.2,3.8-5.5c0-2.9-2.1-4.9-5-4.9 c-3.4,0-5.4,2.6-5.4,5.2c0,1,0.4,2.1,0.9,2.7c0.1,0.1,0.1,0.2,0.1,0.3c-0.1,0.4-0.3,1.2-0.3,1.4c-0.1,0.2-0.2,0.3-0.4,0.2 c-1.5-0.7-2.4-2.9-2.4-4.6c0-3.8,2.8-7.3,7.9-7.3c4.2,0,7.4,3,7.4,6.9c0,4.1-2.6,7.5-6.2,7.5c-1.2,0-2.4-0.6-2.8-1.4 c0,0-0.6,2.3-0.7,2.9c-0.3,1-1,2.3-1.5,3.1C9.6,23.8,10.8,24,12,24c6.6,0,12-5.4,12-12C24,5.4,18.6,0,12,0z\"><\/path><\/g><\/svg><\/span> Pin<\/a>\n\t\t<a href=\"#commentform\" class=\"wprm-recipe-jump-to-comments wprm-recipe-link wprm-block-text-normal wprm-recipe-jump-to-comments-inline-button wprm-recipe-link-inline-button wprm-color-accent\" style=\"color: #2c3e50;background-color: #ffffff;border-color: #ffffff;border-radius: 0px;padding: 5px 12px;\"><span class=\"wprm-recipe-icon wprm-recipe-jump-to-comments-icon\"><svg version=\"1.1\" xmlns=\"http:\/\/www.w3.org\/2000\/svg\" xmlns:xlink=\"http:\/\/www.w3.org\/1999\/xlink\" x=\"0px\" y=\"0px\" viewBox=\"0 0 16 16\" xml:space=\"preserve\" width=\"16\" height=\"16\"><g class=\"nc-icon-wrapper\" fill=\"#333333\"><polygon data-color=\"color-2\" fill=\"none\" stroke=\"#333333\" stroke-linecap=\"round\" stroke-linejoin=\"round\" stroke-miterlimit=\"10\" points=\" 13,0.5 15.5,3 7.5,11 4,12 5,8.5 \"><\/polygon> <line data-color=\"color-2\" fill=\"none\" stroke=\"#333333\" stroke-linecap=\"round\" stroke-linejoin=\"round\" stroke-miterlimit=\"10\" x1=\"11\" y1=\"2.5\" x2=\"13.5\" y2=\"5\"><\/line> <path fill=\"none\" stroke=\"#333333\" stroke-linecap=\"round\" stroke-linejoin=\"round\" stroke-miterlimit=\"10\" d=\"M13.5,9.5v5 c0,0.552-0.448,1-1,1h-11c-0.552,0-1-0.448-1-1v-11c0-0.552,0.448-1,1-1h5\"><\/path> <\/g><\/svg><\/span> Quest\u00f5es ou Coment\u00e1rios<\/a>\n\t\t<div class=\"wprm-spacer\"><\/div>\n\t\t<div class=\"wprm-recipe-meta-container wprm-recipe-tags-container wprm-recipe-details-container wprm-recipe-details-container-inline wprm-block-text-normal\"><div class=\"wprm-recipe-block-container wprm-recipe-block-container-inline wprm-block-text-normal wprm-recipe-tag-container wprm-recipe-course-container\" style=\"\"><span class=\"wprm-recipe-details-label wprm-block-text-faded wprm-recipe-tag-label wprm-recipe-course-label\">Tipo de prato: <\/span><span class=\"wprm-recipe-course wprm-block-text-normal\">Acompanhamentos, Aperitivo, Assados, Caf\u00e9 da manh\u00e3<\/span><\/div><div class=\"wprm-recipe-block-container wprm-recipe-block-container-inline wprm-block-text-normal wprm-recipe-tag-container wprm-recipe-cuisine-container\" style=\"\"><span class=\"wprm-recipe-details-label wprm-block-text-faded wprm-recipe-tag-label wprm-recipe-cuisine-label\">Regi\u00e3o: <\/span><span class=\"wprm-recipe-cuisine wprm-block-text-normal\">Am\u00e9rica do Sul, Equatoriana, Latina<\/span><\/div><div class=\"wprm-recipe-block-container wprm-recipe-block-container-inline wprm-block-text-normal wprm-recipe-tag-container wprm-recipe-keyword-container\" style=\"\"><span class=\"wprm-recipe-details-label wprm-block-text-faded wprm-recipe-tag-label wprm-recipe-keyword-label\">Keyword: <\/span><span class=\"wprm-recipe-keyword wprm-block-text-normal\">Bananas-da-terra, Bananas-da-terra assadas com queijo, Bananas-da-terra maduras recheadas com queijo<\/span><\/div><\/div>\n\t\t<div class=\"wprm-recipe-meta-container wprm-recipe-times-container wprm-recipe-details-container wprm-recipe-details-container-inline wprm-block-text-normal\"><div class=\"wprm-recipe-block-container wprm-recipe-block-container-inline wprm-block-text-normal wprm-recipe-time-container wprm-recipe-prep-time-container\" style=\"\"><span class=\"wprm-recipe-details-label wprm-block-text-faded wprm-recipe-time-label wprm-recipe-prep-time-label\">Preparo: <\/span><span class=\"wprm-recipe-time wprm-block-text-normal\"><span class=\"wprm-recipe-details wprm-recipe-details-minutes wprm-recipe-prep_time wprm-recipe-prep_time-minutes\">5<span class=\"sr-only screen-reader-text wprm-screen-reader-text\"> minutes<\/span><\/span> <span class=\"wprm-recipe-details-unit wprm-recipe-details-minutes wprm-recipe-prep_time-unit wprm-recipe-prep_timeunit-minutes\" aria-hidden=\"true\">minutes<\/span><\/span><\/div><div class=\"wprm-recipe-block-container wprm-recipe-block-container-inline wprm-block-text-normal wprm-recipe-time-container wprm-recipe-cook-time-container\" style=\"\"><span class=\"wprm-recipe-details-label wprm-block-text-faded wprm-recipe-time-label wprm-recipe-cook-time-label\">Tempo de cozimento: <\/span><span class=\"wprm-recipe-time wprm-block-text-normal\"><span class=\"wprm-recipe-details wprm-recipe-details-minutes wprm-recipe-cook_time wprm-recipe-cook_time-minutes\">50<span class=\"sr-only screen-reader-text wprm-screen-reader-text\"> minutes<\/span><\/span> <span class=\"wprm-recipe-details-unit wprm-recipe-details-minutes wprm-recipe-cook_time-unit wprm-recipe-cook_timeunit-minutes\" aria-hidden=\"true\">minutes<\/span><\/span><\/div><div class=\"wprm-recipe-block-container wprm-recipe-block-container-inline wprm-block-text-normal wprm-recipe-time-container wprm-recipe-total-time-container\" style=\"\"><span class=\"wprm-recipe-details-label wprm-block-text-faded wprm-recipe-time-label wprm-recipe-total-time-label\">Pronto em: <\/span><span class=\"wprm-recipe-time wprm-block-text-normal\"><span class=\"wprm-recipe-details wprm-recipe-details-minutes wprm-recipe-total_time wprm-recipe-total_time-minutes\">55<span class=\"sr-only screen-reader-text wprm-screen-reader-text\"> minutes<\/span><\/span> <span class=\"wprm-recipe-details-unit wprm-recipe-details-minutes wprm-recipe-total_time-unit wprm-recipe-total_timeunit-minutes\" aria-hidden=\"true\">minutes<\/span><\/span><\/div><\/div>\n\t\t<div class=\"wprm-recipe-block-container wprm-recipe-block-container-inline wprm-block-text-normal wprm-recipe-servings-container\" style=\"\"><span class=\"wprm-recipe-details-label wprm-block-text-faded wprm-recipe-servings-label\">Rende: <\/span><span class=\"wprm-recipe-servings-with-unit\"><span class=\"wprm-recipe-servings wprm-recipe-details wprm-recipe-servings-2149 wprm-recipe-servings-adjustable-tooltip wprm-block-text-normal\" data-recipe=\"2149\" aria-label=\"Adjust recipe servings\">6<\/span> <span class=\"wprm-recipe-servings-unit wprm-recipe-details-unit wprm-block-text-normal\">bananas-da-terra maduras assadas<\/span><\/span><\/div>\n\t\t\n\t\t\n\t<\/div>\n\t<div id=\"recipe-2149-ingredients\" class=\"wprm-recipe-ingredients-container wprm-recipe-ingredients-no-images wprm-recipe-2149-ingredients-container wprm-block-text-normal wprm-ingredient-style-regular wprm-recipe-images-before\" data-recipe=\"2149\" data-servings=\"6\"><h3 class=\"wprm-recipe-header wprm-recipe-ingredients-header wprm-block-text-bold wprm-align-left wprm-header-decoration-none\" style=\"\">Ingredientes<\/h3><div class=\"wprm-recipe-ingredient-group\"><ul class=\"wprm-recipe-ingredients\"><li class=\"wprm-recipe-ingredient\" style=\"list-style-type: disc;\"><span class=\"wprm-recipe-ingredient-amount\">6<\/span>&#32;<span class=\"wprm-recipe-ingredient-name\">bananas-da-terra maduras inteiras<\/span><\/li><li class=\"wprm-recipe-ingredient\" style=\"list-style-type: disc;\"><span class=\"wprm-recipe-ingredient-amount\">1<\/span>&#32;<span class=\"wprm-recipe-ingredient-name\">a 2 colheres de sopa de manteiga ou \u00f3leo<\/span>&#32;<span class=\"wprm-recipe-ingredient-notes wprm-recipe-ingredient-notes-faded\">use menos, se quiser<\/span><\/li><li class=\"wprm-recipe-ingredient\" style=\"list-style-type: disc;\"><span class=\"wprm-recipe-ingredient-amount\">6<\/span>&#32;<span class=\"wprm-recipe-ingredient-name\">fatias grossas de mu\u00e7arela<\/span><\/li><\/ul><\/div><div class=\"wprm-recipe-ingredient-group\"><h4 class=\"wprm-recipe-group-name wprm-recipe-ingredient-group-name wprm-block-text-bold\">Guarni\u00e7\u00e3o opcional:<\/h4><ul class=\"wprm-recipe-ingredients\"><li class=\"wprm-recipe-ingredient\" style=\"list-style-type: disc;\"><span class=\"wprm-recipe-ingredient-name\"><a href=\"https:\/\/www.laylita.com\/receitas\/molho-picante-equatoriano-aji-criollo\/\" class=\"wprm-recipe-ingredient-link\">Aj\u00ed criollo\/Molho picante de coentro<\/a><\/span><\/li><\/ul><\/div><\/div>\n\t<div id=\"recipe-2149-instructions\" class=\"wprm-recipe-instructions-container wprm-recipe-2149-instructions-container wprm-block-text-normal\" data-recipe=\"2149\"><h3 class=\"wprm-recipe-header wprm-recipe-instructions-header wprm-block-text-bold wprm-align-left wprm-header-decoration-none\" style=\"\">Modo de preparo<\/h3><div class=\"wprm-recipe-instruction-group\"><ul class=\"wprm-recipe-instructions\"><li id=\"wprm-recipe-2149-step-0-0\" class=\"wprm-recipe-instruction\" style=\"list-style-type: decimal;\"><div class=\"wprm-recipe-instruction-text\">Pr\u00e9-aque\u00e7a o forno a 204 \u00b0C.<\/div><\/li><li id=\"wprm-recipe-2149-step-0-1\" class=\"wprm-recipe-instruction\" style=\"list-style-type: decimal;\"><div class=\"wprm-recipe-instruction-text\">Descasque as bananas-da-terra, arrume-as sobre uma assadeira e esfregue-as com manteiga ou \u00f3leo.<\/div><\/li><li id=\"wprm-recipe-2149-step-0-2\" class=\"wprm-recipe-instruction\" style=\"list-style-type: decimal;\"><div class=\"wprm-recipe-instruction-text\">Asse por 30 minutos, e ent\u00e3o vire cada uma e asse por mais 15 a 20 minutos, ou at\u00e9 dourarem de ambos os lados.<\/div><\/li><li id=\"wprm-recipe-2149-step-0-3\" class=\"wprm-recipe-instruction\" style=\"list-style-type: decimal;\"><div class=\"wprm-recipe-instruction-text\">Retire do forno, fa\u00e7a um corte horizontal no meio de cada banana e recheie com as fatias de queijo.<\/div><\/li><li id=\"wprm-recipe-2149-step-0-4\" class=\"wprm-recipe-instruction\" style=\"list-style-type: decimal;\"><div class=\"wprm-recipe-instruction-text\">Em alguns minutos, o queijo ter\u00e1 derretido. Sirva imediatamente, com ou sem molho picante.<\/div><\/li><\/ul><\/div><\/div>\n\t<div id=\"recipe-video\"><\/div>\n\t\n\t\n<\/div><\/div><\/div>\n<p>Ador\u00e1vamos <a href=\"https:\/\/www.laylita.com\/receitas\/694\/bananas-fritas\/\" target=\"_blank\" rel=\"noopener noreferrer\">bananas-da-terra maduras fritas<\/a> com queijo no caf\u00e9-da-manh\u00e3, mas \u00e0s vezes minha m\u00e3e as assava no forno, e ficavam t\u00e3o boas quanto. Ela esfregava um pouco de manteiga ou \u00f3leo sobre as bananas, assava-as e ent\u00e3o recheava-as com queijo; ou, para uma vers\u00e3o mais r\u00e1pida, voc\u00ea pode fati\u00e1-las, ass\u00e1-las e ent\u00e3o polvilhar um pouco de queijo ralado por cima.<\/p>\n<p><img loading=\"lazy\" decoding=\"async\" class=\"alignnone wp-image-1192\" title=\"Bananas-da-terra maduras recheadas com queijo\" src=\"https:\/\/www.laylita.com\/receitas\/wp-content\/uploads\/2016\/09\/Bananas-da-terra-maduras-recheadas-com-queijo.jpg\" alt=\"Bananas-da-terra maduras recheadas com queijo\" width=\"641\" height=\"428\" srcset=\"https:\/\/www.laylita.com\/receitas\/wp-content\/uploads\/2016\/09\/Bananas-da-terra-maduras-recheadas-com-queijo.jpg 800w, https:\/\/www.laylita.com\/receitas\/wp-content\/uploads\/2016\/09\/Bananas-da-terra-maduras-recheadas-com-queijo-640x427.jpg 640w, https:\/\/www.laylita.com\/receitas\/wp-content\/uploads\/2016\/09\/Bananas-da-terra-maduras-recheadas-com-queijo-768x513.jpg 768w, https:\/\/www.laylita.com\/receitas\/wp-content\/uploads\/2016\/09\/Bananas-da-terra-maduras-recheadas-com-queijo-600x400.jpg 600w, https:\/\/www.laylita.com\/receitas\/wp-content\/uploads\/2016\/09\/Bananas-da-terra-maduras-recheadas-com-queijo-180x120.jpg 180w\" sizes=\"auto, (max-width: 641px) 100vw, 641px\" \/><\/p>\n<p>Estas bananas-da-terra maduras assadas com queijo s\u00e3o \u00f3timas para o caf\u00e9 da manh\u00e3 ou brunch. Voc\u00ea pode comer uma inteira ou cortada pela metade ou em peda\u00e7os menores, para servir como aperitivo ou acompanhamento. Adoro comer essas bananas com aj\u00ed criollo, um molho picante equatoriano. A combina\u00e7\u00e3o do doce da banana, do queijo derretido e do <a href=\"https:\/\/www.laylita.com\/receitas\/791\/molho-picante-equatoriano-aji-criollo\/\" target=\"_blank\" rel=\"noopener noreferrer\">molho picante de coentro <\/a>\u00e9 perfeita. Ent\u00e3o, se voc\u00ea adora bananas-da-terra, mas quer uma alternativa mais saud\u00e1vel \u00e0s bananas fritas, ou deseja apenas provar uma nova vers\u00e3o, pode experimentar ass\u00e1-las no forno.<\/p>\n<p><img loading=\"lazy\" decoding=\"async\" class=\"alignnone wp-image-1190\" title=\"Bananas-da-terra maduras assadas com queijo e molho picante\" src=\"https:\/\/www.laylita.com\/receitas\/wp-content\/uploads\/2016\/09\/Bananas-da-terra-maduras-assadas-com-queijo-e-molho-picante.jpg\" alt=\"Bananas-da-terra maduras assadas com queijo e molho picante\" width=\"641\" height=\"427\" srcset=\"https:\/\/www.laylita.com\/receitas\/wp-content\/uploads\/2016\/09\/Bananas-da-terra-maduras-assadas-com-queijo-e-molho-picante.jpg 800w, https:\/\/www.laylita.com\/receitas\/wp-content\/uploads\/2016\/09\/Bananas-da-terra-maduras-assadas-com-queijo-e-molho-picante-640x426.jpg 640w, https:\/\/www.laylita.com\/receitas\/wp-content\/uploads\/2016\/09\/Bananas-da-terra-maduras-assadas-com-queijo-e-molho-picante-768x512.jpg 768w, https:\/\/www.laylita.com\/receitas\/wp-content\/uploads\/2016\/09\/Bananas-da-terra-maduras-assadas-com-queijo-e-molho-picante-600x400.jpg 600w, https:\/\/www.laylita.com\/receitas\/wp-content\/uploads\/2016\/09\/Bananas-da-terra-maduras-assadas-com-queijo-e-molho-picante-180x120.jpg 180w\" sizes=\"auto, (max-width: 641px) 100vw, 641px\" \/><\/p>\n<h2>Modo de preparar bananas-da-terra maduras recheadas com queijo:<\/h2>\n<p><img loading=\"lazy\" decoding=\"async\" class=\"alignnone wp-image-1193\" title=\"Modo de preparar bananas-da-terra maduras recheadas com queijo\" src=\"https:\/\/www.laylita.com\/receitas\/wp-content\/uploads\/2016\/09\/Modo-de-preparar-bananas-da-terra-maduras-recheadas-com-queijo.jpg\" alt=\"Modo de preparar bananas-da-terra maduras recheadas com queijo\" width=\"641\" height=\"961\" srcset=\"https:\/\/www.laylita.com\/receitas\/wp-content\/uploads\/2016\/09\/Modo-de-preparar-bananas-da-terra-maduras-recheadas-com-queijo.jpg 683w, https:\/\/www.laylita.com\/receitas\/wp-content\/uploads\/2016\/09\/Modo-de-preparar-bananas-da-terra-maduras-recheadas-com-queijo-427x640.jpg 427w\" sizes=\"auto, (max-width: 641px) 100vw, 641px\" \/><\/p>\n<p><img loading=\"lazy\" decoding=\"async\" class=\"alignnone wp-image-1191\" title=\"Bananas-da-terra maduras assadas\" src=\"https:\/\/www.laylita.com\/receitas\/wp-content\/uploads\/2016\/09\/Bananas-da-terra-maduras-assadas.jpg\" alt=\"Bananas-da-terra maduras assadas \" width=\"641\" height=\"799\" srcset=\"https:\/\/www.laylita.com\/receitas\/wp-content\/uploads\/2016\/09\/Bananas-da-terra-maduras-assadas.jpg 821w, https:\/\/www.laylita.com\/receitas\/wp-content\/uploads\/2016\/09\/Bananas-da-terra-maduras-assadas-513x640.jpg 513w, https:\/\/www.laylita.com\/receitas\/wp-content\/uploads\/2016\/09\/Bananas-da-terra-maduras-assadas-768x958.jpg 768w, https:\/\/www.laylita.com\/receitas\/wp-content\/uploads\/2016\/09\/Bananas-da-terra-maduras-assadas-260x324.jpg 260w\" sizes=\"auto, (max-width: 641px) 100vw, 641px\" \/><\/p>\n","protected":false},"excerpt":{"rendered":"<p>Receita f\u00e1cil de bananas-da-terra maduras assadas e recheadas com queijo.<\/p>\n","protected":false},"author":2,"featured_media":1189,"comment_status":"open","ping_status":"open","sticky":false,"template":"","format":"standard","meta":{"wprm-recipe-roundup-name":"","wprm-recipe-roundup-description":"","_kadence_starter_templates_imported_post":false,"_kad_post_transparent":"","_kad_post_title":"","_kad_post_layout":"","_kad_post_sidebar_id":"","_kad_post_content_style":"","_kad_post_vertical_padding":"","_kad_post_feature":"","_kad_post_feature_position":"","_kad_post_header":false,"_kad_post_footer":false,"_kad_post_classname":"","jetpack_post_was_ever_published":false,"_jetpack_newsletter_access":"","_jetpack_dont_email_post_to_subs":true,"_jetpack_newsletter_tier_id":0,"_jetpack_memberships_contains_paywalled_content":false,"_jetpack_memberships_contains_paid_content":false,"footnotes":"","jetpack_publicize_message":"","jetpack_publicize_feature_enabled":true,"jetpack_social_post_already_shared":true,"jetpack_social_options":{"image_generator_settings":{"template":"highway","default_image_id":0,"font":"","enabled":false},"version":2}},"categories":[31,32,33,34,35,38,40,41,47,4,1772,73,7,64,13,17,25],"tags":[],"class_list":["post-1186","post","type-post","status-publish","format-standard","has-post-thumbnail","hentry","category-acompanhamentos","category-america-central","category-america-do-sul","category-america-latina","category-aperitivos","category-assados","category-banana","category-cafe-da-manha-e-brunch","category-comfort-food","category-cozinhas-tipicas","category-dia-das-maes","category-equador","category-mexico","category-para-criancas","category-queijo","category-sem-carne","category-vegetariano"],"yoast_head":"<!-- This site is optimized with the Yoast SEO plugin v27.5 - https:\/\/yoast.com\/product\/yoast-seo-wordpress\/ -->\n<title>Bananas-da-terra assadas com queijo - Receitas da Laylita<\/title>\n<meta name=\"description\" content=\"Receita f\u00e1cil de bananas-da-terra assadas e recheadas com queijo.\" \/>\n<meta name=\"robots\" content=\"index, follow, max-snippet:-1, max-image-preview:large, max-video-preview:-1\" \/>\n<link rel=\"canonical\" href=\"https:\/\/www.laylita.com\/receitas\/bananas-da-terra-assadas-com-queijo\/\" \/>\n<meta property=\"og:locale\" content=\"pt_BR\" \/>\n<meta property=\"og:type\" content=\"article\" \/>\n<meta property=\"og:title\" content=\"Bananas-da-terra assadas com queijo - Receitas da Laylita\" \/>\n<meta property=\"og:description\" content=\"Receita f\u00e1cil de bananas-da-terra assadas e recheadas com queijo.\" \/>\n<meta property=\"og:url\" content=\"https:\/\/www.laylita.com\/receitas\/bananas-da-terra-assadas-com-queijo\/\" \/>\n<meta property=\"og:site_name\" content=\"Receitas da Laylita\" \/>\n<meta property=\"article:publisher\" content=\"https:\/\/www.facebook.com\/ReceitasdaLaylita\" \/>\n<meta property=\"article:author\" content=\"https:\/\/www.facebook.com\/ReceitasdaLaylita\/\" \/>\n<meta property=\"article:published_time\" content=\"2016-09-10T10:49:26+00:00\" \/>\n<meta property=\"article:modified_time\" content=\"2023-04-10T09:10:16+00:00\" \/>\n<meta property=\"og:image\" content=\"https:\/\/www.laylita.com\/receitas\/wp-content\/uploads\/2016\/09\/Bananas-da-terra-assadas-com-queijo.jpg\" \/>\n\t<meta property=\"og:image:width\" content=\"800\" \/>\n\t<meta property=\"og:image:height\" content=\"534\" \/>\n\t<meta property=\"og:image:type\" content=\"image\/jpeg\" \/>\n<meta name=\"author\" content=\"Layla Pujol\" \/>\n<meta name=\"twitter:label1\" content=\"Escrito por\" \/>\n\t<meta name=\"twitter:data1\" content=\"Layla Pujol\" \/>\n\t<meta name=\"twitter:label2\" content=\"Est. tempo de leitura\" \/>\n\t<meta name=\"twitter:data2\" content=\"2 minutos\" \/>\n<script type=\"application\/ld+json\" class=\"yoast-schema-graph\">{\"@context\":\"https:\\\/\\\/schema.org\",\"@graph\":[{\"@type\":\"Article\",\"@id\":\"https:\\\/\\\/www.laylita.com\\\/receitas\\\/bananas-da-terra-assadas-com-queijo\\\/#article\",\"isPartOf\":{\"@id\":\"https:\\\/\\\/www.laylita.com\\\/receitas\\\/bananas-da-terra-assadas-com-queijo\\\/\"},\"author\":{\"name\":\"Layla Pujol\",\"@id\":\"https:\\\/\\\/www.laylita.com\\\/receitas\\\/#\\\/schema\\\/person\\\/e6949a9491bf911d0dad5183762bf357\"},\"headline\":\"Bananas-da-terra assadas com queijo\",\"datePublished\":\"2016-09-10T10:49:26+00:00\",\"dateModified\":\"2023-04-10T09:10:16+00:00\",\"mainEntityOfPage\":{\"@id\":\"https:\\\/\\\/www.laylita.com\\\/receitas\\\/bananas-da-terra-assadas-com-queijo\\\/\"},\"wordCount\":403,\"commentCount\":3,\"publisher\":{\"@id\":\"https:\\\/\\\/www.laylita.com\\\/receitas\\\/#organization\"},\"image\":{\"@id\":\"https:\\\/\\\/www.laylita.com\\\/receitas\\\/bananas-da-terra-assadas-com-queijo\\\/#primaryimage\"},\"thumbnailUrl\":\"https:\\\/\\\/www.laylita.com\\\/receitas\\\/wp-content\\\/uploads\\\/2016\\\/09\\\/Bananas-da-terra-assadas-com-queijo.jpg\",\"articleSection\":[\"Acompanhamentos\",\"Am\u00e9rica Central\",\"Am\u00e9rica do Sul\",\"Am\u00e9rica Latina\",\"Aperitivos\",\"Assados\",\"Banana\",\"Caf\u00e9 da manh\u00e3 e brunch\",\"Comfort Food\",\"Cozinhas t\u00edpicas\",\"Dia das M\u00e3es\",\"Equador\",\"M\u00e9xico\",\"Para crian\u00e7as\",\"Queijo\",\"Sem carne\",\"Vegetariano\"],\"inLanguage\":\"pt-BR\",\"potentialAction\":[{\"@type\":\"CommentAction\",\"name\":\"Comment\",\"target\":[\"https:\\\/\\\/www.laylita.com\\\/receitas\\\/bananas-da-terra-assadas-com-queijo\\\/#respond\"]}]},{\"@type\":\"WebPage\",\"@id\":\"https:\\\/\\\/www.laylita.com\\\/receitas\\\/bananas-da-terra-assadas-com-queijo\\\/\",\"url\":\"https:\\\/\\\/www.laylita.com\\\/receitas\\\/bananas-da-terra-assadas-com-queijo\\\/\",\"name\":\"Bananas-da-terra assadas com queijo - Receitas da Laylita\",\"isPartOf\":{\"@id\":\"https:\\\/\\\/www.laylita.com\\\/receitas\\\/#website\"},\"primaryImageOfPage\":{\"@id\":\"https:\\\/\\\/www.laylita.com\\\/receitas\\\/bananas-da-terra-assadas-com-queijo\\\/#primaryimage\"},\"image\":{\"@id\":\"https:\\\/\\\/www.laylita.com\\\/receitas\\\/bananas-da-terra-assadas-com-queijo\\\/#primaryimage\"},\"thumbnailUrl\":\"https:\\\/\\\/www.laylita.com\\\/receitas\\\/wp-content\\\/uploads\\\/2016\\\/09\\\/Bananas-da-terra-assadas-com-queijo.jpg\",\"datePublished\":\"2016-09-10T10:49:26+00:00\",\"dateModified\":\"2023-04-10T09:10:16+00:00\",\"description\":\"Receita f\u00e1cil de bananas-da-terra assadas e recheadas com queijo.\",\"breadcrumb\":{\"@id\":\"https:\\\/\\\/www.laylita.com\\\/receitas\\\/bananas-da-terra-assadas-com-queijo\\\/#breadcrumb\"},\"inLanguage\":\"pt-BR\",\"potentialAction\":[{\"@type\":\"ReadAction\",\"target\":[\"https:\\\/\\\/www.laylita.com\\\/receitas\\\/bananas-da-terra-assadas-com-queijo\\\/\"]}]},{\"@type\":\"ImageObject\",\"inLanguage\":\"pt-BR\",\"@id\":\"https:\\\/\\\/www.laylita.com\\\/receitas\\\/bananas-da-terra-assadas-com-queijo\\\/#primaryimage\",\"url\":\"https:\\\/\\\/www.laylita.com\\\/receitas\\\/wp-content\\\/uploads\\\/2016\\\/09\\\/Bananas-da-terra-assadas-com-queijo.jpg\",\"contentUrl\":\"https:\\\/\\\/www.laylita.com\\\/receitas\\\/wp-content\\\/uploads\\\/2016\\\/09\\\/Bananas-da-terra-assadas-com-queijo.jpg\",\"width\":800,\"height\":534,\"caption\":\"Bananas-da-terra assadas com queijo\"},{\"@type\":\"BreadcrumbList\",\"@id\":\"https:\\\/\\\/www.laylita.com\\\/receitas\\\/bananas-da-terra-assadas-com-queijo\\\/#breadcrumb\",\"itemListElement\":[{\"@type\":\"ListItem\",\"position\":1,\"name\":\"In\u00edcio\",\"item\":\"https:\\\/\\\/www.laylita.com\\\/receitas\\\/\"},{\"@type\":\"ListItem\",\"position\":2,\"name\":\"Todas\",\"item\":\"https:\\\/\\\/www.laylita.com\\\/receitas\\\/categoria\\\/todas\\\/\"},{\"@type\":\"ListItem\",\"position\":3,\"name\":\"Por prato\",\"item\":\"https:\\\/\\\/www.laylita.com\\\/receitas\\\/categoria\\\/todas\\\/por-prato\\\/\"},{\"@type\":\"ListItem\",\"position\":4,\"name\":\"Aperitivos\",\"item\":\"https:\\\/\\\/www.laylita.com\\\/receitas\\\/categoria\\\/todas\\\/por-prato\\\/aperitivos\\\/\"},{\"@type\":\"ListItem\",\"position\":5,\"name\":\"Bananas-da-terra assadas com queijo\"}]},{\"@type\":\"WebSite\",\"@id\":\"https:\\\/\\\/www.laylita.com\\\/receitas\\\/#website\",\"url\":\"https:\\\/\\\/www.laylita.com\\\/receitas\\\/\",\"name\":\"Receitas da Laylita\",\"description\":\"Cozinha do mundo: Receitas f\u00e1ceis, r\u00e1pidas e gostosas\",\"publisher\":{\"@id\":\"https:\\\/\\\/www.laylita.com\\\/receitas\\\/#organization\"},\"potentialAction\":[{\"@type\":\"SearchAction\",\"target\":{\"@type\":\"EntryPoint\",\"urlTemplate\":\"https:\\\/\\\/www.laylita.com\\\/receitas\\\/?s={search_term_string}\"},\"query-input\":{\"@type\":\"PropertyValueSpecification\",\"valueRequired\":true,\"valueName\":\"search_term_string\"}}],\"inLanguage\":\"pt-BR\"},{\"@type\":\"Organization\",\"@id\":\"https:\\\/\\\/www.laylita.com\\\/receitas\\\/#organization\",\"name\":\"Laylita.com\",\"url\":\"https:\\\/\\\/www.laylita.com\\\/receitas\\\/\",\"logo\":{\"@type\":\"ImageObject\",\"inLanguage\":\"pt-BR\",\"@id\":\"https:\\\/\\\/www.laylita.com\\\/receitas\\\/#\\\/schema\\\/logo\\\/image\\\/\",\"url\":\"https:\\\/\\\/www.laylita.com\\\/receitas\\\/wp-content\\\/uploads\\\/2019\\\/04\\\/Laylita.com-logo.jpg\",\"contentUrl\":\"https:\\\/\\\/www.laylita.com\\\/receitas\\\/wp-content\\\/uploads\\\/2019\\\/04\\\/Laylita.com-logo.jpg\",\"width\":559,\"height\":558,\"caption\":\"Laylita.com\"},\"image\":{\"@id\":\"https:\\\/\\\/www.laylita.com\\\/receitas\\\/#\\\/schema\\\/logo\\\/image\\\/\"},\"sameAs\":[\"https:\\\/\\\/www.facebook.com\\\/ReceitasdaLaylita\",\"https:\\\/\\\/x.com\\\/laylita\",\"https:\\\/\\\/instagram.com\\\/laylapujol\\\/\",\"https:\\\/\\\/www.pinterest.com\\\/laylapujol\\\/\",\"https:\\\/\\\/www.youtube.com\\\/channel\\\/UCvNX-qrEsv2vNNzG2KXSRag\"]},{\"@type\":\"Person\",\"@id\":\"https:\\\/\\\/www.laylita.com\\\/receitas\\\/#\\\/schema\\\/person\\\/e6949a9491bf911d0dad5183762bf357\",\"name\":\"Layla Pujol\",\"image\":{\"@type\":\"ImageObject\",\"inLanguage\":\"pt-BR\",\"@id\":\"https:\\\/\\\/secure.gravatar.com\\\/avatar\\\/eae083f7c23bda70dcf303e8e997bdc9d4b3ba76c4a977974741108bcd71d25b?s=96&d=mm&r=g\",\"url\":\"https:\\\/\\\/secure.gravatar.com\\\/avatar\\\/eae083f7c23bda70dcf303e8e997bdc9d4b3ba76c4a977974741108bcd71d25b?s=96&d=mm&r=g\",\"contentUrl\":\"https:\\\/\\\/secure.gravatar.com\\\/avatar\\\/eae083f7c23bda70dcf303e8e997bdc9d4b3ba76c4a977974741108bcd71d25b?s=96&d=mm&r=g\",\"caption\":\"Layla Pujol\"},\"description\":\"Meu nome \u00e9 Layla Pujol, mas minha fam\u00edlia e amigos me chamam de Laylita. Nasci em Vilcabamba, Equador, e hoje vivo em Seattle, Washington, nos Estados Unidos. Minhas receitas s\u00e3o inspiradas principalmente nos pratos tradicionais do Equador, que comia na minha inf\u00e2ncia e adolesc\u00eancia.\",\"sameAs\":[\"https:\\\/\\\/www.laylita.com\\\/receitas\\\/\",\"https:\\\/\\\/www.facebook.com\\\/ReceitasdaLaylita\\\/\",\"https:\\\/\\\/x.com\\\/laylita\"],\"url\":\"https:\\\/\\\/www.laylita.com\\\/receitas\\\/author\\\/layla\\\/\"}]}<\/script>\n<!-- \/ Yoast SEO plugin. -->","yoast_head_json":{"title":"Bananas-da-terra assadas com queijo - Receitas da Laylita","description":"Receita f\u00e1cil de bananas-da-terra assadas e recheadas com queijo.","robots":{"index":"index","follow":"follow","max-snippet":"max-snippet:-1","max-image-preview":"max-image-preview:large","max-video-preview":"max-video-preview:-1"},"canonical":"https:\/\/www.laylita.com\/receitas\/bananas-da-terra-assadas-com-queijo\/","og_locale":"pt_BR","og_type":"article","og_title":"Bananas-da-terra assadas com queijo - Receitas da Laylita","og_description":"Receita f\u00e1cil de bananas-da-terra assadas e recheadas com queijo.","og_url":"https:\/\/www.laylita.com\/receitas\/bananas-da-terra-assadas-com-queijo\/","og_site_name":"Receitas da Laylita","article_publisher":"https:\/\/www.facebook.com\/ReceitasdaLaylita","article_author":"https:\/\/www.facebook.com\/ReceitasdaLaylita\/","article_published_time":"2016-09-10T10:49:26+00:00","article_modified_time":"2023-04-10T09:10:16+00:00","og_image":[{"width":800,"height":534,"url":"https:\/\/www.laylita.com\/receitas\/wp-content\/uploads\/2016\/09\/Bananas-da-terra-assadas-com-queijo.jpg","type":"image\/jpeg"}],"author":"Layla Pujol","twitter_misc":{"Escrito por":"Layla Pujol","Est. tempo de leitura":"2 minutos"},"schema":{"@context":"https:\/\/schema.org","@graph":[{"@type":"Article","@id":"https:\/\/www.laylita.com\/receitas\/bananas-da-terra-assadas-com-queijo\/#article","isPartOf":{"@id":"https:\/\/www.laylita.com\/receitas\/bananas-da-terra-assadas-com-queijo\/"},"author":{"name":"Layla Pujol","@id":"https:\/\/www.laylita.com\/receitas\/#\/schema\/person\/e6949a9491bf911d0dad5183762bf357"},"headline":"Bananas-da-terra assadas com queijo","datePublished":"2016-09-10T10:49:26+00:00","dateModified":"2023-04-10T09:10:16+00:00","mainEntityOfPage":{"@id":"https:\/\/www.laylita.com\/receitas\/bananas-da-terra-assadas-com-queijo\/"},"wordCount":403,"commentCount":3,"publisher":{"@id":"https:\/\/www.laylita.com\/receitas\/#organization"},"image":{"@id":"https:\/\/www.laylita.com\/receitas\/bananas-da-terra-assadas-com-queijo\/#primaryimage"},"thumbnailUrl":"https:\/\/www.laylita.com\/receitas\/wp-content\/uploads\/2016\/09\/Bananas-da-terra-assadas-com-queijo.jpg","articleSection":["Acompanhamentos","Am\u00e9rica Central","Am\u00e9rica do Sul","Am\u00e9rica Latina","Aperitivos","Assados","Banana","Caf\u00e9 da manh\u00e3 e brunch","Comfort Food","Cozinhas t\u00edpicas","Dia das M\u00e3es","Equador","M\u00e9xico","Para crian\u00e7as","Queijo","Sem carne","Vegetariano"],"inLanguage":"pt-BR","potentialAction":[{"@type":"CommentAction","name":"Comment","target":["https:\/\/www.laylita.com\/receitas\/bananas-da-terra-assadas-com-queijo\/#respond"]}]},{"@type":"WebPage","@id":"https:\/\/www.laylita.com\/receitas\/bananas-da-terra-assadas-com-queijo\/","url":"https:\/\/www.laylita.com\/receitas\/bananas-da-terra-assadas-com-queijo\/","name":"Bananas-da-terra assadas com queijo - Receitas da Laylita","isPartOf":{"@id":"https:\/\/www.laylita.com\/receitas\/#website"},"primaryImageOfPage":{"@id":"https:\/\/www.laylita.com\/receitas\/bananas-da-terra-assadas-com-queijo\/#primaryimage"},"image":{"@id":"https:\/\/www.laylita.com\/receitas\/bananas-da-terra-assadas-com-queijo\/#primaryimage"},"thumbnailUrl":"https:\/\/www.laylita.com\/receitas\/wp-content\/uploads\/2016\/09\/Bananas-da-terra-assadas-com-queijo.jpg","datePublished":"2016-09-10T10:49:26+00:00","dateModified":"2023-04-10T09:10:16+00:00","description":"Receita f\u00e1cil de bananas-da-terra assadas e recheadas com queijo.","breadcrumb":{"@id":"https:\/\/www.laylita.com\/receitas\/bananas-da-terra-assadas-com-queijo\/#breadcrumb"},"inLanguage":"pt-BR","potentialAction":[{"@type":"ReadAction","target":["https:\/\/www.laylita.com\/receitas\/bananas-da-terra-assadas-com-queijo\/"]}]},{"@type":"ImageObject","inLanguage":"pt-BR","@id":"https:\/\/www.laylita.com\/receitas\/bananas-da-terra-assadas-com-queijo\/#primaryimage","url":"https:\/\/www.laylita.com\/receitas\/wp-content\/uploads\/2016\/09\/Bananas-da-terra-assadas-com-queijo.jpg","contentUrl":"https:\/\/www.laylita.com\/receitas\/wp-content\/uploads\/2016\/09\/Bananas-da-terra-assadas-com-queijo.jpg","width":800,"height":534,"caption":"Bananas-da-terra assadas com queijo"},{"@type":"BreadcrumbList","@id":"https:\/\/www.laylita.com\/receitas\/bananas-da-terra-assadas-com-queijo\/#breadcrumb","itemListElement":[{"@type":"ListItem","position":1,"name":"In\u00edcio","item":"https:\/\/www.laylita.com\/receitas\/"},{"@type":"ListItem","position":2,"name":"Todas","item":"https:\/\/www.laylita.com\/receitas\/categoria\/todas\/"},{"@type":"ListItem","position":3,"name":"Por prato","item":"https:\/\/www.laylita.com\/receitas\/categoria\/todas\/por-prato\/"},{"@type":"ListItem","position":4,"name":"Aperitivos","item":"https:\/\/www.laylita.com\/receitas\/categoria\/todas\/por-prato\/aperitivos\/"},{"@type":"ListItem","position":5,"name":"Bananas-da-terra assadas com queijo"}]},{"@type":"WebSite","@id":"https:\/\/www.laylita.com\/receitas\/#website","url":"https:\/\/www.laylita.com\/receitas\/","name":"Receitas da Laylita","description":"Cozinha do mundo: Receitas f\u00e1ceis, r\u00e1pidas e gostosas","publisher":{"@id":"https:\/\/www.laylita.com\/receitas\/#organization"},"potentialAction":[{"@type":"SearchAction","target":{"@type":"EntryPoint","urlTemplate":"https:\/\/www.laylita.com\/receitas\/?s={search_term_string}"},"query-input":{"@type":"PropertyValueSpecification","valueRequired":true,"valueName":"search_term_string"}}],"inLanguage":"pt-BR"},{"@type":"Organization","@id":"https:\/\/www.laylita.com\/receitas\/#organization","name":"Laylita.com","url":"https:\/\/www.laylita.com\/receitas\/","logo":{"@type":"ImageObject","inLanguage":"pt-BR","@id":"https:\/\/www.laylita.com\/receitas\/#\/schema\/logo\/image\/","url":"https:\/\/www.laylita.com\/receitas\/wp-content\/uploads\/2019\/04\/Laylita.com-logo.jpg","contentUrl":"https:\/\/www.laylita.com\/receitas\/wp-content\/uploads\/2019\/04\/Laylita.com-logo.jpg","width":559,"height":558,"caption":"Laylita.com"},"image":{"@id":"https:\/\/www.laylita.com\/receitas\/#\/schema\/logo\/image\/"},"sameAs":["https:\/\/www.facebook.com\/ReceitasdaLaylita","https:\/\/x.com\/laylita","https:\/\/instagram.com\/laylapujol\/","https:\/\/www.pinterest.com\/laylapujol\/","https:\/\/www.youtube.com\/channel\/UCvNX-qrEsv2vNNzG2KXSRag"]},{"@type":"Person","@id":"https:\/\/www.laylita.com\/receitas\/#\/schema\/person\/e6949a9491bf911d0dad5183762bf357","name":"Layla Pujol","image":{"@type":"ImageObject","inLanguage":"pt-BR","@id":"https:\/\/secure.gravatar.com\/avatar\/eae083f7c23bda70dcf303e8e997bdc9d4b3ba76c4a977974741108bcd71d25b?s=96&d=mm&r=g","url":"https:\/\/secure.gravatar.com\/avatar\/eae083f7c23bda70dcf303e8e997bdc9d4b3ba76c4a977974741108bcd71d25b?s=96&d=mm&r=g","contentUrl":"https:\/\/secure.gravatar.com\/avatar\/eae083f7c23bda70dcf303e8e997bdc9d4b3ba76c4a977974741108bcd71d25b?s=96&d=mm&r=g","caption":"Layla Pujol"},"description":"Meu nome \u00e9 Layla Pujol, mas minha fam\u00edlia e amigos me chamam de Laylita. Nasci em Vilcabamba, Equador, e hoje vivo em Seattle, Washington, nos Estados Unidos. Minhas receitas s\u00e3o inspiradas principalmente nos pratos tradicionais do Equador, que comia na minha inf\u00e2ncia e adolesc\u00eancia.","sameAs":["https:\/\/www.laylita.com\/receitas\/","https:\/\/www.facebook.com\/ReceitasdaLaylita\/","https:\/\/x.com\/laylita"],"url":"https:\/\/www.laylita.com\/receitas\/author\/layla\/"}]}},"jetpack_publicize_connections":[],"featured_image_src":"https:\/\/www.laylita.com\/receitas\/wp-content\/uploads\/2016\/09\/Bananas-da-terra-assadas-com-queijo.jpg","featured_image_src_square":"https:\/\/www.laylita.com\/receitas\/wp-content\/uploads\/2016\/09\/Bananas-da-terra-assadas-com-queijo.jpg","author_info":{"display_name":"Layla Pujol","author_link":"https:\/\/www.laylita.com\/receitas\/author\/layla\/"},"jetpack_featured_media_url":"https:\/\/www.laylita.com\/receitas\/wp-content\/uploads\/2016\/09\/Bananas-da-terra-assadas-com-queijo.jpg","jetpack_shortlink":"https:\/\/wp.me\/p4RBwk-j8","jetpack-related-posts":[],"jetpack_sharing_enabled":true,"jetpack_likes_enabled":true,"_links":{"self":[{"href":"https:\/\/www.laylita.com\/receitas\/wp-json\/wp\/v2\/posts\/1186","targetHints":{"allow":["GET"]}}],"collection":[{"href":"https:\/\/www.laylita.com\/receitas\/wp-json\/wp\/v2\/posts"}],"about":[{"href":"https:\/\/www.laylita.com\/receitas\/wp-json\/wp\/v2\/types\/post"}],"author":[{"embeddable":true,"href":"https:\/\/www.laylita.com\/receitas\/wp-json\/wp\/v2\/users\/2"}],"replies":[{"embeddable":true,"href":"https:\/\/www.laylita.com\/receitas\/wp-json\/wp\/v2\/comments?post=1186"}],"version-history":[{"count":5,"href":"https:\/\/www.laylita.com\/receitas\/wp-json\/wp\/v2\/posts\/1186\/revisions"}],"predecessor-version":[{"id":2152,"href":"https:\/\/www.laylita.com\/receitas\/wp-json\/wp\/v2\/posts\/1186\/revisions\/2152"}],"wp:featuredmedia":[{"embeddable":true,"href":"https:\/\/www.laylita.com\/receitas\/wp-json\/wp\/v2\/media\/1189"}],"wp:attachment":[{"href":"https:\/\/www.laylita.com\/receitas\/wp-json\/wp\/v2\/media?parent=1186"}],"wp:term":[{"taxonomy":"category","embeddable":true,"href":"https:\/\/www.laylita.com\/receitas\/wp-json\/wp\/v2\/categories?post=1186"},{"taxonomy":"post_tag","embeddable":true,"href":"https:\/\/www.laylita.com\/receitas\/wp-json\/wp\/v2\/tags?post=1186"}],"curies":[{"name":"wp","href":"https:\/\/api.w.org\/{rel}","templated":true}]}}